{"id":176,"date":"2021-06-15T15:38:00","date_gmt":"2021-06-15T15:38:00","guid":{"rendered":"https:\/\/ocean-rebellion.onyx-sites.io\/?p=176"},"modified":"2022-12-11T17:18:29","modified_gmt":"2022-12-11T17:18:29","slug":"black-carbon-melting-the-arctic","status":"publish","type":"post","link":"https:\/\/oceanrebellion.earth\/pt\/black-carbon-melting-the-arctic\/","title":{"rendered":"Carbono Negro - derreter o \u00c1rctico"},"content":{"rendered":"<figure class=\"wp-block-post-featured-image\"><img loading=\"lazy\" decoding=\"async\" width=\"1200\" height=\"798\" src=\"https:\/\/oceanrebellion.earth\/wp-content\/uploads\/2022\/08\/black-carbon-as-bad-as-it-sounds.jpg\" class=\"attachment-post-thumbnail size-post-thumbnail wp-post-image\" alt=\"black carbon as bad as it sounds\" style=\"object-fit:cover;\" srcset=\"https:\/\/oceanrebellion.earth\/wp-content\/uploads\/2022\/08\/black-carbon-as-bad-as-it-sounds.jpg 1200w, https:\/\/oceanrebellion.earth\/wp-content\/uploads\/2022\/08\/black-carbon-as-bad-as-it-sounds-596x396.jpg 596w\" sizes=\"auto, (max-width: 1200px) 100vw, 1200px\" \/><\/figure>\r\n\r\n\r\n<p><strong>Se perdermos o \u00c1rctico, perdemos tudo, \u00e9 realmente t\u00e3o simples quanto isso.<\/strong><\/p>\r\n\r\n\r\n\r\n<p>Actualmente, o \u00c1rctico est\u00e1 a aquecer tr\u00eas vezes mais depressa do que em qualquer outro lugar da Terra. Imagine deixar o seu congelador aberto num dia quente e depois acender um bbq mesmo \u00e0 sua frente - bem, \u00e9 exactamente isso que estamos a fazer com o \u00c1rctico. Bem, n\u00e3o exactamente, mas se substituir o bbq por enormes navios que arrotam carbono preto por todo o \u00c1rctico, ter\u00e1 uma imagem precisa. A fuligem destas naves est\u00e1 a acelerar a perda de gelo, o carbono preto \u00e9 460 - 1.400 vezes mais quente do que o CO2. E com mais navios a visitar e explorar a \u00e1rea do \u00c1rctico, isto significa uma quantidade terr\u00edvel de aquecimento, na realidade um n\u00edvel de crise de aquecimento.<\/p>\r\n\r\n\r\n\r\n<p>Este aquecimento est\u00e1 a destruir o \u00c1rctico, na verdade est\u00e1 a derreter diante dos nossos olhos, mas n\u00e3o acreditem na nossa palavra, aqui est\u00e1 o que Austin Ahmusak, Advogado da Marinha Kawerak, diz:<br><em>\"N\u00f3s, no \u00c1rctico, estamos convencidos de que o \u00c1rctico est\u00e1 claramente em crise e que a mudan\u00e7a est\u00e1 a acontecer, rapidamente para al\u00e9m da compara\u00e7\u00e3o na hist\u00f3ria humana ou no nosso conhecimento ind\u00edgena. No m\u00eas passado, o Conselho do \u00c1rctico publicou um novo relat\u00f3rio concluindo que o \u00c1rctico est\u00e1 a aquecer tr\u00eas vezes mais depressa do que o aquecimento m\u00e9dio em todo o planeta e enfrentamos a possibilidade de grandes por\u00e7\u00f5es da criosfera terem desaparecido. O aquecimento clim\u00e1tico no \u00c1rctico amea\u00e7a o clima global e a subida do n\u00edvel do mar em todo o mundo \u00e9 uma preocupa\u00e7\u00e3o imediata para as cidades de baixa altitude. Uma subida de dois metros do n\u00edvel do mar ter\u00e1 impactos devastadores em muitas comunidades costeiras e provavelmente colocar\u00e1 as infra-estruturas comunit\u00e1rias debaixo de \u00e1gua\".&nbsp;<\/em><a href=\"https:\/\/www.hfofreearctic.org\/en\/2021\/06\/10\/opening-arctic-climate-crisis-statement-mepc76-austin-ahmusak\/\"><strong>Mensagem completa aqui.<\/strong><\/a><\/p>\r\n\r\n\r\n\r\n<p>Este derretimento maci\u00e7o est\u00e1 a afectar tudo,&nbsp;<a href=\"https:\/\/phys.org\/news\/2021-05-arctic-faster-planet.html#:~:text=In%20less%20than%20half%20a,a%20report%20warned%20on%20Thursday.\"><strong>povos ind\u00edgenas, ursos polares, focas,<\/strong><\/a>&nbsp;tudo. Vai tamb\u00e9m tornar-se global, sob a forma de uma subida catastr\u00f3fica do n\u00edvel do mar.<\/p>\r\n\r\n\r\n\r\n<p>A Rebeli\u00e3o dos Oceanos exige que a Organiza\u00e7\u00e3o Mar\u00edtima Internacional (IMO) ACTS AGORA proibir todas as emiss\u00f5es de carbono negro.<\/p>\r\n\r\n\r\n\r\n<p>A Rebeli\u00e3o dos Oceanos diz \u00e0 OMI:<br><em>\"#MEPC76 d\u00e1-lhe a oportunidade de estar no lado certo da hist\u00f3ria, n\u00e3o fa\u00e7a merda (ainda) outra vez\".<\/em><\/p>\r\n\r\n\r\n\r\n<p><em>Foto: Guy Reece<\/em><\/p>","protected":false},"excerpt":{"rendered":"<p>If we lose the Arctic we lose everything, it really is as simple as that. Currently the arctic is warming three times faster than anywhere else on Earth. Imagine leaving your freezer open on a hot day then lighting a bbq just in front of it \u2013 well that&#8217;s exactly what we&#8217;re doing to the [&hellip;]<\/p>\n","protected":false},"author":3,"featured_media":172,"comment_status":"closed","ping_status":"closed","sticky":false,"template":"","format":"standard","meta":{"_acf_changed":false,"give_campaign_id":0,"footnotes":""},"categories":[1],"tags":[28,20,22,39,14],"class_list":["post-176","post","type-post","status-publish","format-standard","has-post-thumbnail","hentry","category-uncategorized","tag-cruise-ships","tag-fossil-fuels","tag-imo","tag-paris-climate-agreement","tag-shipping"],"acf":[],"yoast_head":"<!-- This site is optimized with the Yoast SEO plugin v27.5 - https:\/\/yoast.com\/product\/yoast-seo-wordpress\/ -->\n<title>Black Carbon \u2013 melting the Arctic - Ocean Rebellion<\/title>\n<meta name=\"robots\" content=\"index, follow, max-snippet:-1, max-image-preview:large, max-video-preview:-1\" \/>\n<link rel=\"canonical\" href=\"https:\/\/oceanrebellion.earth\/pt\/black-carbon-melting-the-arctic\/\" \/>\n<meta property=\"og:locale\" content=\"pt_PT\" \/>\n<meta property=\"og:type\" content=\"article\" \/>\n<meta property=\"og:title\" content=\"Black Carbon \u2013 melting the Arctic - Ocean Rebellion\" \/>\n<meta property=\"og:description\" content=\"If we lose the Arctic we lose everything, it really is as simple as that. Currently the arctic is warming three times faster than anywhere else on Earth. Imagine leaving your freezer open on a hot day then lighting a bbq just in front of it \u2013 well that&#8217;s exactly what we&#8217;re doing to the [&hellip;]\" \/>\n<meta property=\"og:url\" content=\"https:\/\/oceanrebellion.earth\/pt\/black-carbon-melting-the-arctic\/\" \/>\n<meta property=\"og:site_name\" content=\"Ocean Rebellion\" \/>\n<meta property=\"article:publisher\" content=\"https:\/\/www.facebook.com\/oceanrebellion\" \/>\n<meta property=\"article:published_time\" content=\"2021-06-15T15:38:00+00:00\" \/>\n<meta property=\"article:modified_time\" content=\"2022-12-11T17:18:29+00:00\" \/>\n<meta property=\"og:image\" content=\"https:\/\/oceanrebellion.earth\/wp-content\/uploads\/2022\/08\/black-carbon-as-bad-as-it-sounds.jpg\" \/>\n\t<meta property=\"og:image:width\" content=\"1200\" \/>\n\t<meta property=\"og:image:height\" content=\"798\" \/>\n\t<meta property=\"og:image:type\" content=\"image\/jpeg\" \/>\n<meta name=\"author\" content=\"Ocean Rebellion\" \/>\n<meta name=\"twitter:card\" content=\"summary_large_image\" \/>\n<meta name=\"twitter:creator\" content=\"@oceanrebellion\" \/>\n<meta name=\"twitter:site\" content=\"@oceanrebellion\" \/>\n<meta name=\"twitter:label1\" content=\"Written by\" \/>\n\t<meta name=\"twitter:data1\" content=\"Ocean Rebellion\" \/>\n\t<meta name=\"twitter:label2\" content=\"Est. reading time\" \/>\n\t<meta name=\"twitter:data2\" content=\"2 minutes\" \/>\n<script type=\"application\/ld+json\" class=\"yoast-schema-graph\">{\"@context\":\"https:\\\/\\\/schema.org\",\"@graph\":[{\"@type\":\"Article\",\"@id\":\"https:\\\/\\\/oceanrebellion.earth\\\/black-carbon-melting-the-arctic\\\/#article\",\"isPartOf\":{\"@id\":\"https:\\\/\\\/oceanrebellion.earth\\\/black-carbon-melting-the-arctic\\\/\"},\"author\":{\"name\":\"Ocean Rebellion\",\"@id\":\"https:\\\/\\\/oceanrebellion.earth\\\/#\\\/schema\\\/person\\\/22084671826ecc40f3ea7993a1d405e4\"},\"headline\":\"Black Carbon \u2013 melting the Arctic\",\"datePublished\":\"2021-06-15T15:38:00+00:00\",\"dateModified\":\"2022-12-11T17:18:29+00:00\",\"mainEntityOfPage\":{\"@id\":\"https:\\\/\\\/oceanrebellion.earth\\\/black-carbon-melting-the-arctic\\\/\"},\"wordCount\":342,\"publisher\":{\"@id\":\"https:\\\/\\\/oceanrebellion.earth\\\/#organization\"},\"image\":{\"@id\":\"https:\\\/\\\/oceanrebellion.earth\\\/black-carbon-melting-the-arctic\\\/#primaryimage\"},\"thumbnailUrl\":\"https:\\\/\\\/oceanrebellion.earth\\\/wp-content\\\/uploads\\\/2022\\\/08\\\/black-carbon-as-bad-as-it-sounds.jpg\",\"keywords\":[\"Cruise Ships\",\"Fossil Fuels\",\"IMO\",\"Paris Climate Agreement\",\"Shipping\"],\"inLanguage\":\"pt-PT\"},{\"@type\":\"WebPage\",\"@id\":\"https:\\\/\\\/oceanrebellion.earth\\\/black-carbon-melting-the-arctic\\\/\",\"url\":\"https:\\\/\\\/oceanrebellion.earth\\\/black-carbon-melting-the-arctic\\\/\",\"name\":\"Black Carbon \u2013 melting the Arctic - Ocean Rebellion\",\"isPartOf\":{\"@id\":\"https:\\\/\\\/oceanrebellion.earth\\\/#website\"},\"primaryImageOfPage\":{\"@id\":\"https:\\\/\\\/oceanrebellion.earth\\\/black-carbon-melting-the-arctic\\\/#primaryimage\"},\"image\":{\"@id\":\"https:\\\/\\\/oceanrebellion.earth\\\/black-carbon-melting-the-arctic\\\/#primaryimage\"},\"thumbnailUrl\":\"https:\\\/\\\/oceanrebellion.earth\\\/wp-content\\\/uploads\\\/2022\\\/08\\\/black-carbon-as-bad-as-it-sounds.jpg\",\"datePublished\":\"2021-06-15T15:38:00+00:00\",\"dateModified\":\"2022-12-11T17:18:29+00:00\",\"breadcrumb\":{\"@id\":\"https:\\\/\\\/oceanrebellion.earth\\\/black-carbon-melting-the-arctic\\\/#breadcrumb\"},\"inLanguage\":\"pt-PT\",\"potentialAction\":[{\"@type\":\"ReadAction\",\"target\":[\"https:\\\/\\\/oceanrebellion.earth\\\/black-carbon-melting-the-arctic\\\/\"]}]},{\"@type\":\"ImageObject\",\"inLanguage\":\"pt-PT\",\"@id\":\"https:\\\/\\\/oceanrebellion.earth\\\/black-carbon-melting-the-arctic\\\/#primaryimage\",\"url\":\"https:\\\/\\\/oceanrebellion.earth\\\/wp-content\\\/uploads\\\/2022\\\/08\\\/black-carbon-as-bad-as-it-sounds.jpg\",\"contentUrl\":\"https:\\\/\\\/oceanrebellion.earth\\\/wp-content\\\/uploads\\\/2022\\\/08\\\/black-carbon-as-bad-as-it-sounds.jpg\",\"width\":1200,\"height\":798,\"caption\":\"black carbon as bad as it sounds\"},{\"@type\":\"BreadcrumbList\",\"@id\":\"https:\\\/\\\/oceanrebellion.earth\\\/black-carbon-melting-the-arctic\\\/#breadcrumb\",\"itemListElement\":[{\"@type\":\"ListItem\",\"position\":1,\"name\":\"Home\",\"item\":\"https:\\\/\\\/oceanrebellion.earth\\\/\"},{\"@type\":\"ListItem\",\"position\":2,\"name\":\"Black Carbon \u2013 melting the Arctic\"}]},{\"@type\":\"WebSite\",\"@id\":\"https:\\\/\\\/oceanrebellion.earth\\\/#website\",\"url\":\"https:\\\/\\\/oceanrebellion.earth\\\/\",\"name\":\"Ocean Rebellion\",\"description\":\"\",\"publisher\":{\"@id\":\"https:\\\/\\\/oceanrebellion.earth\\\/#organization\"},\"potentialAction\":[{\"@type\":\"SearchAction\",\"target\":{\"@type\":\"EntryPoint\",\"urlTemplate\":\"https:\\\/\\\/oceanrebellion.earth\\\/?s={search_term_string}\"},\"query-input\":{\"@type\":\"PropertyValueSpecification\",\"valueRequired\":true,\"valueName\":\"search_term_string\"}}],\"inLanguage\":\"pt-PT\"},{\"@type\":\"Organization\",\"@id\":\"https:\\\/\\\/oceanrebellion.earth\\\/#organization\",\"name\":\"Ocean Rebellion\",\"url\":\"https:\\\/\\\/oceanrebellion.earth\\\/\",\"logo\":{\"@type\":\"ImageObject\",\"inLanguage\":\"pt-PT\",\"@id\":\"https:\\\/\\\/oceanrebellion.earth\\\/#\\\/schema\\\/logo\\\/image\\\/\",\"url\":\"https:\\\/\\\/ocean-rebellion.onyx-sites.io\\\/wp-content\\\/uploads\\\/2022\\\/08\\\/oceanrebellion-aboutUS-logo.svg\",\"contentUrl\":\"https:\\\/\\\/ocean-rebellion.onyx-sites.io\\\/wp-content\\\/uploads\\\/2022\\\/08\\\/oceanrebellion-aboutUS-logo.svg\",\"width\":540,\"height\":560,\"caption\":\"Ocean Rebellion\"},\"image\":{\"@id\":\"https:\\\/\\\/oceanrebellion.earth\\\/#\\\/schema\\\/logo\\\/image\\\/\"},\"sameAs\":[\"https:\\\/\\\/www.facebook.com\\\/oceanrebellion\",\"https:\\\/\\\/x.com\\\/oceanrebellion\",\"https:\\\/\\\/www.instagram.com\\\/theoceanrebellion\\\/\"]},{\"@type\":\"Person\",\"@id\":\"https:\\\/\\\/oceanrebellion.earth\\\/#\\\/schema\\\/person\\\/22084671826ecc40f3ea7993a1d405e4\",\"name\":\"Ocean Rebellion\",\"image\":{\"@type\":\"ImageObject\",\"inLanguage\":\"pt-PT\",\"@id\":\"https:\\\/\\\/secure.gravatar.com\\\/avatar\\\/8cd1b07a9791baaf35c1e6b24b779db5b2ef20df5a534c7ae0db79dd94a1f0e2?s=96&d=mm&r=g\",\"url\":\"https:\\\/\\\/secure.gravatar.com\\\/avatar\\\/8cd1b07a9791baaf35c1e6b24b779db5b2ef20df5a534c7ae0db79dd94a1f0e2?s=96&d=mm&r=g\",\"contentUrl\":\"https:\\\/\\\/secure.gravatar.com\\\/avatar\\\/8cd1b07a9791baaf35c1e6b24b779db5b2ef20df5a534c7ae0db79dd94a1f0e2?s=96&d=mm&r=g\",\"caption\":\"Ocean Rebellion\"},\"url\":\"https:\\\/\\\/oceanrebellion.earth\\\/pt\\\/author\\\/oceanrebellion\\\/\"}]}<\/script>\n<!-- \/ Yoast SEO plugin. -->","yoast_head_json":{"title":"Carbono negro - o degelo do \u00c1rtico - Ocean Rebellion","robots":{"index":"index","follow":"follow","max-snippet":"max-snippet:-1","max-image-preview":"max-image-preview:large","max-video-preview":"max-video-preview:-1"},"canonical":"https:\/\/oceanrebellion.earth\/pt\/black-carbon-melting-the-arctic\/","og_locale":"pt_PT","og_type":"article","og_title":"Black Carbon \u2013 melting the Arctic - Ocean Rebellion","og_description":"If we lose the Arctic we lose everything, it really is as simple as that. Currently the arctic is warming three times faster than anywhere else on Earth. Imagine leaving your freezer open on a hot day then lighting a bbq just in front of it \u2013 well that&#8217;s exactly what we&#8217;re doing to the [&hellip;]","og_url":"https:\/\/oceanrebellion.earth\/pt\/black-carbon-melting-the-arctic\/","og_site_name":"Ocean Rebellion","article_publisher":"https:\/\/www.facebook.com\/oceanrebellion","article_published_time":"2021-06-15T15:38:00+00:00","article_modified_time":"2022-12-11T17:18:29+00:00","og_image":[{"width":1200,"height":798,"url":"https:\/\/oceanrebellion.earth\/wp-content\/uploads\/2022\/08\/black-carbon-as-bad-as-it-sounds.jpg","type":"image\/jpeg"}],"author":"Ocean Rebellion","twitter_card":"summary_large_image","twitter_creator":"@oceanrebellion","twitter_site":"@oceanrebellion","twitter_misc":{"Written by":"Ocean Rebellion","Est. reading time":"2 minutes"},"schema":{"@context":"https:\/\/schema.org","@graph":[{"@type":"Article","@id":"https:\/\/oceanrebellion.earth\/black-carbon-melting-the-arctic\/#article","isPartOf":{"@id":"https:\/\/oceanrebellion.earth\/black-carbon-melting-the-arctic\/"},"author":{"name":"Ocean Rebellion","@id":"https:\/\/oceanrebellion.earth\/#\/schema\/person\/22084671826ecc40f3ea7993a1d405e4"},"headline":"Black Carbon \u2013 melting the Arctic","datePublished":"2021-06-15T15:38:00+00:00","dateModified":"2022-12-11T17:18:29+00:00","mainEntityOfPage":{"@id":"https:\/\/oceanrebellion.earth\/black-carbon-melting-the-arctic\/"},"wordCount":342,"publisher":{"@id":"https:\/\/oceanrebellion.earth\/#organization"},"image":{"@id":"https:\/\/oceanrebellion.earth\/black-carbon-melting-the-arctic\/#primaryimage"},"thumbnailUrl":"https:\/\/oceanrebellion.earth\/wp-content\/uploads\/2022\/08\/black-carbon-as-bad-as-it-sounds.jpg","keywords":["Cruise Ships","Fossil Fuels","IMO","Paris Climate Agreement","Shipping"],"inLanguage":"pt-PT"},{"@type":"WebPage","@id":"https:\/\/oceanrebellion.earth\/black-carbon-melting-the-arctic\/","url":"https:\/\/oceanrebellion.earth\/black-carbon-melting-the-arctic\/","name":"Carbono negro - o degelo do \u00c1rtico - Ocean Rebellion","isPartOf":{"@id":"https:\/\/oceanrebellion.earth\/#website"},"primaryImageOfPage":{"@id":"https:\/\/oceanrebellion.earth\/black-carbon-melting-the-arctic\/#primaryimage"},"image":{"@id":"https:\/\/oceanrebellion.earth\/black-carbon-melting-the-arctic\/#primaryimage"},"thumbnailUrl":"https:\/\/oceanrebellion.earth\/wp-content\/uploads\/2022\/08\/black-carbon-as-bad-as-it-sounds.jpg","datePublished":"2021-06-15T15:38:00+00:00","dateModified":"2022-12-11T17:18:29+00:00","breadcrumb":{"@id":"https:\/\/oceanrebellion.earth\/black-carbon-melting-the-arctic\/#breadcrumb"},"inLanguage":"pt-PT","potentialAction":[{"@type":"ReadAction","target":["https:\/\/oceanrebellion.earth\/black-carbon-melting-the-arctic\/"]}]},{"@type":"ImageObject","inLanguage":"pt-PT","@id":"https:\/\/oceanrebellion.earth\/black-carbon-melting-the-arctic\/#primaryimage","url":"https:\/\/oceanrebellion.earth\/wp-content\/uploads\/2022\/08\/black-carbon-as-bad-as-it-sounds.jpg","contentUrl":"https:\/\/oceanrebellion.earth\/wp-content\/uploads\/2022\/08\/black-carbon-as-bad-as-it-sounds.jpg","width":1200,"height":798,"caption":"black carbon as bad as it sounds"},{"@type":"BreadcrumbList","@id":"https:\/\/oceanrebellion.earth\/black-carbon-melting-the-arctic\/#breadcrumb","itemListElement":[{"@type":"ListItem","position":1,"name":"Home","item":"https:\/\/oceanrebellion.earth\/"},{"@type":"ListItem","position":2,"name":"Black Carbon \u2013 melting the Arctic"}]},{"@type":"WebSite","@id":"https:\/\/oceanrebellion.earth\/#website","url":"https:\/\/oceanrebellion.earth\/","name":"Rebeli\u00e3o Oce\u00e2nica","description":"","publisher":{"@id":"https:\/\/oceanrebellion.earth\/#organization"},"potentialAction":[{"@type":"SearchAction","target":{"@type":"EntryPoint","urlTemplate":"https:\/\/oceanrebellion.earth\/?s={search_term_string}"},"query-input":{"@type":"PropertyValueSpecification","valueRequired":true,"valueName":"search_term_string"}}],"inLanguage":"pt-PT"},{"@type":"Organization","@id":"https:\/\/oceanrebellion.earth\/#organization","name":"Rebeli\u00e3o Oce\u00e2nica","url":"https:\/\/oceanrebellion.earth\/","logo":{"@type":"ImageObject","inLanguage":"pt-PT","@id":"https:\/\/oceanrebellion.earth\/#\/schema\/logo\/image\/","url":"https:\/\/ocean-rebellion.onyx-sites.io\/wp-content\/uploads\/2022\/08\/oceanrebellion-aboutUS-logo.svg","contentUrl":"https:\/\/ocean-rebellion.onyx-sites.io\/wp-content\/uploads\/2022\/08\/oceanrebellion-aboutUS-logo.svg","width":540,"height":560,"caption":"Ocean Rebellion"},"image":{"@id":"https:\/\/oceanrebellion.earth\/#\/schema\/logo\/image\/"},"sameAs":["https:\/\/www.facebook.com\/oceanrebellion","https:\/\/x.com\/oceanrebellion","https:\/\/www.instagram.com\/theoceanrebellion\/"]},{"@type":"Person","@id":"https:\/\/oceanrebellion.earth\/#\/schema\/person\/22084671826ecc40f3ea7993a1d405e4","name":"Rebeli\u00e3o Oce\u00e2nica","image":{"@type":"ImageObject","inLanguage":"pt-PT","@id":"https:\/\/secure.gravatar.com\/avatar\/8cd1b07a9791baaf35c1e6b24b779db5b2ef20df5a534c7ae0db79dd94a1f0e2?s=96&d=mm&r=g","url":"https:\/\/secure.gravatar.com\/avatar\/8cd1b07a9791baaf35c1e6b24b779db5b2ef20df5a534c7ae0db79dd94a1f0e2?s=96&d=mm&r=g","contentUrl":"https:\/\/secure.gravatar.com\/avatar\/8cd1b07a9791baaf35c1e6b24b779db5b2ef20df5a534c7ae0db79dd94a1f0e2?s=96&d=mm&r=g","caption":"Ocean Rebellion"},"url":"https:\/\/oceanrebellion.earth\/pt\/author\/oceanrebellion\/"}]}},"_links":{"self":[{"href":"https:\/\/oceanrebellion.earth\/pt\/wp-json\/wp\/v2\/posts\/176","targetHints":{"allow":["GET"]}}],"collection":[{"href":"https:\/\/oceanrebellion.earth\/pt\/wp-json\/wp\/v2\/posts"}],"about":[{"href":"https:\/\/oceanrebellion.earth\/pt\/wp-json\/wp\/v2\/types\/post"}],"author":[{"embeddable":true,"href":"https:\/\/oceanrebellion.earth\/pt\/wp-json\/wp\/v2\/users\/3"}],"replies":[{"embeddable":true,"href":"https:\/\/oceanrebellion.earth\/pt\/wp-json\/wp\/v2\/comments?post=176"}],"version-history":[{"count":2,"href":"https:\/\/oceanrebellion.earth\/pt\/wp-json\/wp\/v2\/posts\/176\/revisions"}],"predecessor-version":[{"id":1339,"href":"https:\/\/oceanrebellion.earth\/pt\/wp-json\/wp\/v2\/posts\/176\/revisions\/1339"}],"wp:featuredmedia":[{"embeddable":true,"href":"https:\/\/oceanrebellion.earth\/pt\/wp-json\/wp\/v2\/media\/172"}],"wp:attachment":[{"href":"https:\/\/oceanrebellion.earth\/pt\/wp-json\/wp\/v2\/media?parent=176"}],"wp:term":[{"taxonomy":"category","embeddable":true,"href":"https:\/\/oceanrebellion.earth\/pt\/wp-json\/wp\/v2\/categories?post=176"},{"taxonomy":"post_tag","embeddable":true,"href":"https:\/\/oceanrebellion.earth\/pt\/wp-json\/wp\/v2\/tags?post=176"}],"curies":[{"name":"wp","href":"https:\/\/api.w.org\/{rel}","templated":true}]}}